{"id":516,"date":"2015-05-03T21:48:41","date_gmt":"2015-05-03T19:48:41","guid":{"rendered":"http:\/\/www.drejestige.dk\/?p=516"},"modified":"2015-05-03T21:56:42","modified_gmt":"2015-05-03T19:56:42","slug":"odense-brandvaesen-s1","status":"publish","type":"post","link":"http:\/\/www.drejestige.dk\/?p=516","title":{"rendered":"Odense Brandv\u00e6sen S1"},"content":{"rendered":"<p>Jeg var i dag p\u00e5 bes\u00f8g hos Odense Brandv\u00e6sen og fik lidt informationer om deres nye drejestiger.<\/p>\n<p><strong>Odense Brandv\u00e6sen (deltidsstyrken St. \u00c5sumvej)<\/strong><\/p>\n<p style=\"padding-left: 30px;\"><span style=\"text-decoration: underline;\">Chassis<\/span><br \/>\nReg.nr.: <em>S1 (KF10285)<\/em><br \/>\n1. reg. dato: <em>11-12-2014<\/em><br \/>\nStelnr.:\u00a0<em>YS2P4X20002101550<\/em><br \/>\nM\u00e6rke: <em>Scania<\/em><br \/>\nType: <em>P280 DB4X2MLA<br \/>\n<\/em><\/p>\n<p style=\"padding-left: 30px;\"><span style=\"text-decoration: underline;\">Stige<br \/>\n<\/span>M\u00e6rke: <em>Metz<br \/>\n<\/em>Model: <em>L32A XS<\/em><br \/>\nL\u00f8benr.: <em>A2T0096-0001<\/em><span style=\"text-decoration: underline;\"><br \/>\n<\/span><\/p>\n<p style=\"text-align: center;\"><a href=\"http:\/\/www.drejestige.dk\/wp-content\/uploads\/2015\/05\/OdbraS1.jpg\" rel=\"lightbox[516]\"><img loading=\"lazy\" decoding=\"async\" class=\"aligncenter size-full wp-image-515\" src=\"http:\/\/www.drejestige.dk\/wp-content\/uploads\/2015\/05\/OdbraS1.jpg\" alt=\"Odense Brandv\u00e6sen S1\" width=\"800\" height=\"533\" srcset=\"http:\/\/www.drejestige.dk\/wp-content\/uploads\/2015\/05\/OdbraS1.jpg 800w, http:\/\/www.drejestige.dk\/wp-content\/uploads\/2015\/05\/OdbraS1-300x200.jpg 300w\" sizes=\"auto, (max-width: 800px) 100vw, 800px\" \/><\/a><\/p>\n","protected":false},"excerpt":{"rendered":"<p>Jeg var i dag p\u00e5 bes\u00f8g hos Odense Brandv\u00e6sen og fik lidt informationer om deres nye drejestiger. Odense Brandv\u00e6sen (deltidsstyrken St. \u00c5sumvej) Chassis Reg.nr.: S1 (KF10285) 1. reg. dato: 11-12-2014 Stelnr.:\u00a0YS2P4X20002101550 M\u00e6rke: Scania Type: P280 DB4X2MLA Stige M\u00e6rke: Metz Model: L32A XS L\u00f8benr.: A2T0096-0001<\/p>\n","protected":false},"author":17,"featured_media":515,"comment_status":"open","ping_status":"open","sticky":false,"template":"","format":"standard","meta":{"footnotes":"","jetpack_publicize_message":"","jetpack_publicize_feature_enabled":true,"jetpack_social_post_already_shared":false,"jetpack_social_options":{"image_generator_settings":{"template":"highway","default_image_id":0,"font":"","enabled":false},"version":2}},"categories":[3,8],"tags":[69],"class_list":["post-516","post","type-post","status-publish","format-standard","has-post-thumbnail","hentry","category-drejestiger","category-kommunalt-brandvsen","tag-odense"],"jetpack_publicize_connections":[],"_links":{"self":[{"href":"http:\/\/www.drejestige.dk\/index.php?rest_route=\/wp\/v2\/posts\/516","targetHints":{"allow":["GET"]}}],"collection":[{"href":"http:\/\/www.drejestige.dk\/index.php?rest_route=\/wp\/v2\/posts"}],"about":[{"href":"http:\/\/www.drejestige.dk\/index.php?rest_route=\/wp\/v2\/types\/post"}],"author":[{"embeddable":true,"href":"http:\/\/www.drejestige.dk\/index.php?rest_route=\/wp\/v2\/users\/17"}],"replies":[{"embeddable":true,"href":"http:\/\/www.drejestige.dk\/index.php?rest_route=%2Fwp%2Fv2%2Fcomments&post=516"}],"version-history":[{"count":1,"href":"http:\/\/www.drejestige.dk\/index.php?rest_route=\/wp\/v2\/posts\/516\/revisions"}],"predecessor-version":[{"id":517,"href":"http:\/\/www.drejestige.dk\/index.php?rest_route=\/wp\/v2\/posts\/516\/revisions\/517"}],"wp:featuredmedia":[{"embeddable":true,"href":"http:\/\/www.drejestige.dk\/index.php?rest_route=\/wp\/v2\/media\/515"}],"wp:attachment":[{"href":"http:\/\/www.drejestige.dk\/index.php?rest_route=%2Fwp%2Fv2%2Fmedia&parent=516"}],"wp:term":[{"taxonomy":"category","embeddable":true,"href":"http:\/\/www.drejestige.dk\/index.php?rest_route=%2Fwp%2Fv2%2Fcategories&post=516"},{"taxonomy":"post_tag","embeddable":true,"href":"http:\/\/www.drejestige.dk\/index.php?rest_route=%2Fwp%2Fv2%2Ftags&post=516"}],"curies":[{"name":"wp","href":"https:\/\/api.w.org\/{rel}","templated":true}]}}