{"id":518,"date":"2015-05-03T21:56:12","date_gmt":"2015-05-03T19:56:12","guid":{"rendered":"http:\/\/www.drejestige.dk\/?p=518"},"modified":"2015-05-03T21:56:12","modified_gmt":"2015-05-03T19:56:12","slug":"odense-brandvaesen-s2","status":"publish","type":"post","link":"http:\/\/www.drejestige.dk\/?p=518","title":{"rendered":"Odense Brandv\u00e6sen S2"},"content":{"rendered":"<p>Odense Brandv\u00e6sens S2, fik jeg ogs\u00e5 lokket frem i solen til en photosession.<\/p>\n<p><strong>Odense Brandv\u00e6sen (fuldtid\u00a0St. \u00c5sumvej)<\/strong><\/p>\n<p style=\"padding-left: 30px;\"><span style=\"text-decoration: underline;\">Chassis<\/span><br \/>\nReg.nr.: <em>S2 (KF10286)<\/em><br \/>\n1. reg. dato: <em>11-12-2014<\/em><br \/>\nStelnr.:\u00a0<em>YS2P4X20002101569<\/em><br \/>\nM\u00e6rke: <em>Scania<\/em><br \/>\nType: <em>P280 DB4X2MLA<br \/>\n<\/em><\/p>\n<p style=\"padding-left: 30px;\"><span style=\"text-decoration: underline;\">Stige<br \/>\n<\/span>M\u00e6rke: <em>Metz<br \/>\n<\/em>Model: <em>L32A XS<\/em><br \/>\nL\u00f8benr.: <em>A2T0097-0001<\/em><\/p>\n<p style=\"text-align: center;\"><a href=\"http:\/\/www.drejestige.dk\/wp-content\/uploads\/2015\/05\/OdbraS2.jpg\" rel=\"lightbox[518]\"><img loading=\"lazy\" decoding=\"async\" class=\"aligncenter size-full wp-image-519\" src=\"http:\/\/www.drejestige.dk\/wp-content\/uploads\/2015\/05\/OdbraS2.jpg\" alt=\"Odense Brandv\u00e6sen S2\" width=\"800\" height=\"533\" srcset=\"http:\/\/www.drejestige.dk\/wp-content\/uploads\/2015\/05\/OdbraS2.jpg 800w, http:\/\/www.drejestige.dk\/wp-content\/uploads\/2015\/05\/OdbraS2-300x200.jpg 300w\" sizes=\"auto, (max-width: 800px) 100vw, 800px\" \/><\/a><\/p>\n","protected":false},"excerpt":{"rendered":"<p>Odense Brandv\u00e6sens S2, fik jeg ogs\u00e5 lokket frem i solen til en photosession. Odense Brandv\u00e6sen (fuldtid\u00a0St. \u00c5sumvej) Chassis Reg.nr.: S2 (KF10286) 1. reg. dato: 11-12-2014 Stelnr.:\u00a0YS2P4X20002101569 M\u00e6rke: Scania Type: P280 DB4X2MLA Stige M\u00e6rke: Metz Model: L32A XS L\u00f8benr.: A2T0097-0001<\/p>\n","protected":false},"author":17,"featured_media":519,"comment_status":"open","ping_status":"open","sticky":false,"template":"","format":"standard","meta":{"footnotes":"","jetpack_publicize_message":"","jetpack_publicize_feature_enabled":true,"jetpack_social_post_already_shared":false,"jetpack_social_options":{"image_generator_settings":{"template":"highway","default_image_id":0,"font":"","enabled":false},"version":2}},"categories":[3,8],"tags":[69],"class_list":["post-518","post","type-post","status-publish","format-standard","has-post-thumbnail","hentry","category-drejestiger","category-kommunalt-brandvsen","tag-odense"],"jetpack_publicize_connections":[],"_links":{"self":[{"href":"http:\/\/www.drejestige.dk\/index.php?rest_route=\/wp\/v2\/posts\/518","targetHints":{"allow":["GET"]}}],"collection":[{"href":"http:\/\/www.drejestige.dk\/index.php?rest_route=\/wp\/v2\/posts"}],"about":[{"href":"http:\/\/www.drejestige.dk\/index.php?rest_route=\/wp\/v2\/types\/post"}],"author":[{"embeddable":true,"href":"http:\/\/www.drejestige.dk\/index.php?rest_route=\/wp\/v2\/users\/17"}],"replies":[{"embeddable":true,"href":"http:\/\/www.drejestige.dk\/index.php?rest_route=%2Fwp%2Fv2%2Fcomments&post=518"}],"version-history":[{"count":1,"href":"http:\/\/www.drejestige.dk\/index.php?rest_route=\/wp\/v2\/posts\/518\/revisions"}],"predecessor-version":[{"id":520,"href":"http:\/\/www.drejestige.dk\/index.php?rest_route=\/wp\/v2\/posts\/518\/revisions\/520"}],"wp:featuredmedia":[{"embeddable":true,"href":"http:\/\/www.drejestige.dk\/index.php?rest_route=\/wp\/v2\/media\/519"}],"wp:attachment":[{"href":"http:\/\/www.drejestige.dk\/index.php?rest_route=%2Fwp%2Fv2%2Fmedia&parent=518"}],"wp:term":[{"taxonomy":"category","embeddable":true,"href":"http:\/\/www.drejestige.dk\/index.php?rest_route=%2Fwp%2Fv2%2Fcategories&post=518"},{"taxonomy":"post_tag","embeddable":true,"href":"http:\/\/www.drejestige.dk\/index.php?rest_route=%2Fwp%2Fv2%2Ftags&post=518"}],"curies":[{"name":"wp","href":"https:\/\/api.w.org\/{rel}","templated":true}]}}