{"id":729,"date":"2020-02-11T12:31:02","date_gmt":"2020-02-11T11:31:02","guid":{"rendered":"http:\/\/www.drejestige.dk\/?p=729"},"modified":"2020-02-11T12:31:02","modified_gmt":"2020-02-11T11:31:02","slug":"taarnby-brandvaesen-skal-have-ny-drejestige","status":"publish","type":"post","link":"http:\/\/www.drejestige.dk\/?p=729","title":{"rendered":"T\u00e5rnby Brandv\u00e6sen skal have ny drejestige."},"content":{"rendered":"\n<div class=\"wp-block-image\"><figure class=\"aligncenter size-large\"><img loading=\"lazy\" decoding=\"async\" width=\"714\" height=\"536\" src=\"http:\/\/www.drejestige.dk\/wp-content\/uploads\/2020\/02\/IMG_2849.jpeg\" alt=\"T\u00e5rnby Brandv\u00e6sen Logo\" class=\"wp-image-731\" srcset=\"http:\/\/www.drejestige.dk\/wp-content\/uploads\/2020\/02\/IMG_2849.jpeg 714w, http:\/\/www.drejestige.dk\/wp-content\/uploads\/2020\/02\/IMG_2849-300x225.jpeg 300w\" sizes=\"auto, (max-width: 714px) 100vw, 714px\" \/><figcaption>Foto: T\u00e5rnby Brandv\u00e6sens hjemmeside<\/figcaption><\/figure><\/div>\n\n\n\n<p>For fjorten dage siden udgav T\u00e5rnby Kommune et offentligt EU-udbud p\u00e5 opbygning og levering af en drejestige til T\u00e5rnby Brandv\u00e6sen.<\/p>\n\n\n\n<p>T\u00e5rnby Brandv\u00e6sen opererer i dag med en Bronto F32RL opbygget p\u00e5 et MAN 18.225 MLLC chassis. Redningsliften blev anskaffet i 2003 hvor den afl\u00f8ste en drejestige fra 1981 p\u00e5 et nedbygget Magirus-Deutz chassis. <\/p>\n\n\n\n<p>Bronto redningsliften var en utrolig popul\u00e6r redningslift i perioden fra \u00e5rtusindskiftet og knap 10 \u00e5r frem. Den f\u00f8rste blev leveret i 1998 til Horsens (og den k\u00f8rer stadigv\u00e6k), sidenhen fulgte Fredericia, Hvidovre og S\u00f8nderborg i 2000. T\u00e5rnby fik deres i 2003 hvor ogs\u00e5 Vejle og Gladsaxe fik leveret en F32RL. Den forel\u00f8bigt sidste Bronto blev leveret i 22010 hvor Sor\u00f8 Brandv\u00e6sen modtog deres.<\/p>\n\n\n\n<p>Af udbudsmaterialet fremg\u00e5r det at tilbudsfristen er 28. februar 2020 og at T\u00e5rnby Kommune forventer at kunne tildele ordren i slutningen af marts 2020. Tildelingen sker p\u00e5 baggrunden af pris og kvalitet hvor begge underkriterier v\u00e6gter 50 %.<\/p>\n\n\n\n<p>Det forventes at den nye drejestige kan leveres inden udgangen af 2020.<\/p>\n\n\n\n<p>Det fremg\u00e5r af kravspecifikationen at:<\/p>\n\n\n\n<ul class=\"wp-block-list\"><li>Der \u00f8nskes et lavt og frembygget f\u00f8rerhus.<\/li><li>K\u00f8ret\u00f8jet skal veje max. 18 tons, have koblingsfri automatgear og en motor p\u00e5 ca. 360 HK og leveres i &#8220;brandbilsr\u00f8d&#8221; (RAL 3000) med indfarvede sidespejle.<\/li><li>Der skal v\u00e6re kameraer p\u00e5 k\u00f8ret\u00f8jet der kan vise arealet rundt om k\u00f8ret\u00f8jet. Kamerasystemet skal kunne vise st\u00f8ttebenenes placering, s\u00e5ledes at man allerede ved placering af k\u00f8ret\u00f8jet kan vurdere om der er plads til st\u00f8ttebenene.<\/li><li>32 meter drejestige der overholder kravene i DS EN 14043 og som har memoryfunktion, skakt\/br\u00f8nd-rednings funktion.<\/li><li>Stigel\u00f8bet skal v\u00e6re med kn\u00e6kled som ikke kan udskydes. Stigen skal forsynes med en redningskurv med en tilladt maksimal belastning p\u00e5 400 kg. <\/li><li>Kurven skal med en aftagelig vand- og skumkanon med en ydelse p\u00e5 min. 2000 l.\/min. og skal kunne styres elektrisk fra enten kurven eller fra hovedbetjeningspladsen.<\/li><li>Som optioner \u00f8nskes priser p\u00e5 en udtr\u00e6ksplatform p\u00e5 redningskurven samt et el-spil til montering i kurven.<\/li><li>Leverand\u00f8ren skal gennemf\u00f8re bruger- og taktikuddannelse af mindst 37 timers varighed p\u00e5 brandstationen i T\u00e5rnby.<\/li><\/ul>\n\n\n\n<p>Herunder er et par videoklip, hvor man kan se den nuv\u00e6rende redningslift under udrykning.<\/p>\n\n\n\n<figure class=\"wp-block-embed-youtube aligncenter wp-block-embed is-type-video is-provider-youtube wp-embed-aspect-16-9 wp-has-aspect-ratio\"><div class=\"wp-block-embed__wrapper\">\n<iframe loading=\"lazy\" title=\"t\u00e5rnby brandv\u00e6sen KDOW P1 + HLF M2 + TMF S1 brandbil i udrykning feuerwehr einsatzfahrt\" width=\"635\" height=\"357\" src=\"https:\/\/www.youtube.com\/embed\/FV-PllCsuIk?feature=oembed\" frameborder=\"0\" allow=\"accelerometer; autoplay; clipboard-write; encrypted-media; gyroscope; picture-in-picture; web-share\" referrerpolicy=\"strict-origin-when-cross-origin\" allowfullscreen><\/iframe>\n<\/div><\/figure>\n\n\n\n<figure class=\"wp-block-embed-youtube wp-block-embed is-type-video is-provider-youtube wp-embed-aspect-16-9 wp-has-aspect-ratio\"><div class=\"wp-block-embed__wrapper\">\n<iframe loading=\"lazy\" title=\"HLF M3 + TMF S1 t\u00e5rnby brandv\u00e6sen brandbil i udrykning\" width=\"635\" height=\"357\" src=\"https:\/\/www.youtube.com\/embed\/CKBBRmMPYHQ?feature=oembed\" frameborder=\"0\" allow=\"accelerometer; autoplay; clipboard-write; encrypted-media; gyroscope; picture-in-picture; web-share\" referrerpolicy=\"strict-origin-when-cross-origin\" allowfullscreen><\/iframe>\n<\/div><\/figure>\n\n\n\n<figure class=\"wp-block-embed-youtube wp-block-embed is-type-video is-provider-youtube wp-embed-aspect-4-3 wp-has-aspect-ratio\"><div class=\"wp-block-embed__wrapper\">\n<iframe loading=\"lazy\" title=\"T\u00e5rnby Brandv\u00e6sen stige (S1)\" width=\"635\" height=\"476\" src=\"https:\/\/www.youtube.com\/embed\/h5u-9MVvORY?feature=oembed\" frameborder=\"0\" allow=\"accelerometer; autoplay; clipboard-write; encrypted-media; gyroscope; picture-in-picture; web-share\" referrerpolicy=\"strict-origin-when-cross-origin\" allowfullscreen><\/iframe>\n<\/div><\/figure>\n\n\n\n<p>Udbudsbekendtg\u00f8relsen kan l\u00e6ses her:  <a href=\"https:\/\/ted.europa.eu\/udl?uri=TED:NOTICE:047417-2020:TEXT:DA:HTML\">https:\/\/ted.europa.eu\/udl?uri=TED:NOTICE:047417-2020:TEXT:DA:HTML<\/a> <\/p>\n","protected":false},"excerpt":{"rendered":"<p>T\u00e5rnby Brandv\u00e6sen har startet udbudsprocessen om anskaffelse af en ny drejestige, der skal afl\u00f8se deres 17 \u00e5r gamle redningslift.<\/p>\n","protected":false},"author":17,"featured_media":731,"comment_status":"open","ping_status":"open","sticky":false,"template":"","format":"standard","meta":{"footnotes":"","jetpack_publicize_message":"","jetpack_publicize_feature_enabled":true,"jetpack_social_post_already_shared":false,"jetpack_social_options":{"image_generator_settings":{"template":"highway","default_image_id":0,"font":"","enabled":false},"version":2}},"categories":[3,8,57],"tags":[13],"class_list":["post-729","post","type-post","status-publish","format-standard","has-post-thumbnail","hentry","category-drejestiger","category-kommunalt-brandvsen","category-udbud","tag-tarnby"],"jetpack_publicize_connections":[],"_links":{"self":[{"href":"http:\/\/www.drejestige.dk\/index.php?rest_route=\/wp\/v2\/posts\/729","targetHints":{"allow":["GET"]}}],"collection":[{"href":"http:\/\/www.drejestige.dk\/index.php?rest_route=\/wp\/v2\/posts"}],"about":[{"href":"http:\/\/www.drejestige.dk\/index.php?rest_route=\/wp\/v2\/types\/post"}],"author":[{"embeddable":true,"href":"http:\/\/www.drejestige.dk\/index.php?rest_route=\/wp\/v2\/users\/17"}],"replies":[{"embeddable":true,"href":"http:\/\/www.drejestige.dk\/index.php?rest_route=%2Fwp%2Fv2%2Fcomments&post=729"}],"version-history":[{"count":1,"href":"http:\/\/www.drejestige.dk\/index.php?rest_route=\/wp\/v2\/posts\/729\/revisions"}],"predecessor-version":[{"id":732,"href":"http:\/\/www.drejestige.dk\/index.php?rest_route=\/wp\/v2\/posts\/729\/revisions\/732"}],"wp:featuredmedia":[{"embeddable":true,"href":"http:\/\/www.drejestige.dk\/index.php?rest_route=\/wp\/v2\/media\/731"}],"wp:attachment":[{"href":"http:\/\/www.drejestige.dk\/index.php?rest_route=%2Fwp%2Fv2%2Fmedia&parent=729"}],"wp:term":[{"taxonomy":"category","embeddable":true,"href":"http:\/\/www.drejestige.dk\/index.php?rest_route=%2Fwp%2Fv2%2Fcategories&post=729"},{"taxonomy":"post_tag","embeddable":true,"href":"http:\/\/www.drejestige.dk\/index.php?rest_route=%2Fwp%2Fv2%2Ftags&post=729"}],"curies":[{"name":"wp","href":"https:\/\/api.w.org\/{rel}","templated":true}]}}